[{"@context":"https:\/\/schema.org\/","@type":"Article","@id":"https:\/\/www.jaik.sk\/preco-je-styl-taky-dolezity\/#Article","mainEntityOfPage":"https:\/\/www.jaik.sk\/preco-je-styl-taky-dolezity\/","headline":"Pre\u010do je \u0161t\u00fdl tak\u00fd d\u00f4le\u017eit\u00fd?","name":"Pre\u010do je \u0161t\u00fdl tak\u00fd d\u00f4le\u017eit\u00fd?","description":"Oble\u010den\u00edm a na\u0161im celkov\u00fdm vzh\u013eadom sa d\u00e1 toho o n\u00e1s skuto\u010dne ve\u013emi ve\u013ea poveda\u0165. Je to tak povediac na\u0161a tich\u00e1 zbra\u0148 vo\u010di vonkaj\u0161iemu svetu. Netreba pou\u017e\u00edva\u0165 slov\u00e1, treba len pou\u017e\u00edva\u0165 fant\u00e1ziu. N\u00e1\u0161 \u0161atn\u00edk vieme toti\u017e prisp\u00f4sobi\u0165 nie len pr\u00edle\u017eitosti, na ktor\u00fa sa obliekame, ale aj na\u0161ej aktu\u00e1lnej n\u00e1lade. Mysl\u00edm si, \u017ee \u017eivotom sa netreba v\u017edy [&hellip;]","datePublished":"2019-02-10","dateModified":"2019-02-10","author":{"@type":"Person","@id":"https:\/\/www.jaik.sk\/author\/#Person","name":"jaik.sk\n","url":"https:\/\/www.jaik.sk\/author\/","identifier":1,"image":{"@type":"ImageObject","@id":"https:\/\/secure.gravatar.com\/avatar\/3c4e99fa9a9806cd5e8fd7cac6ca73ff5bbf5f3ee309e1745415eebd31482909?s=96&d=mm&r=g","url":"https:\/\/secure.gravatar.com\/avatar\/3c4e99fa9a9806cd5e8fd7cac6ca73ff5bbf5f3ee309e1745415eebd31482909?s=96&d=mm&r=g","height":96,"width":96}},"publisher":{"@type":"Organization","name":"jaik.sk","logo":{"@type":"ImageObject","@id":"\/logo.png","url":"\/logo.png","width":600,"height":60}},"image":{"@type":"ImageObject","@id":"https:\/\/www.jaik.sk\/wp-content\/uploads\/img_a296979_w16496_t1550500756.jpg","url":"https:\/\/www.jaik.sk\/wp-content\/uploads\/img_a296979_w16496_t1550500756.jpg","height":0,"width":0},"url":"https:\/\/www.jaik.sk\/preco-je-styl-taky-dolezity\/","about":["M\u00f3da"],"wordCount":423,"articleBody":" Oble\u010den\u00edm a na\u0161im celkov\u00fdm vzh\u013eadom sa d\u00e1 toho o n\u00e1s skuto\u010dne ve\u013emi ve\u013ea poveda\u0165. Je to tak povediac na\u0161a tich\u00e1 zbra\u0148 vo\u010di vonkaj\u0161iemu svetu. Netreba pou\u017e\u00edva\u0165 slov\u00e1, treba len pou\u017e\u00edva\u0165 fant\u00e1ziu. N\u00e1\u0161 \u0161atn\u00edk vieme toti\u017e prisp\u00f4sobi\u0165 nie len pr\u00edle\u017eitosti, na ktor\u00fa sa obliekame, ale aj na\u0161ej aktu\u00e1lnej n\u00e1lade.  Mysl\u00edm si, \u017ee \u017eivotom sa netreba v\u017edy a\u017e tak za\u0165a\u017eova\u0165. Ob\u010das v\u0161etko \u010do je potrebn\u00e9, je bra\u0165 ho s nadh\u013eadom a vedie\u0165 sa nad vecami zasmia\u0165. Treba ho ch\u00e1pa\u0165 ako ak\u00fasi hru, ktor\u00fa m\u00e1me plne pod kontrolou a vieme s \u0148ou nar\u00e1ba\u0165 ako chceme a pr\u00e1ve n\u00e1\u0161 \u0161t\u00fdl je na to v\u00fdborn\u00fdm prostriedkom. Kombin\u00e1cie farieb, materi\u00e1lov, zna\u010diek, v\u00fdber spr\u00e1vnych doplnkov. V\u0161etko toto je v\u00fdborn\u00fd sp\u00f4sob sebavyjadrenia. Ve\u010f predsa pod\u013ea toho, ako sa \u010dlovek oblieka, vieme o \u0148om v kone\u010dnom d\u00f4sledku zisti\u0165 skuto\u010dne ve\u013emi ve\u013ea inform\u00e1ci\u00ed. Ja osobne beriem obliekanie a zaoberanie sa \u0161t\u00fdlom ako moju z\u00e1\u013eubu. Milujem hra\u0165 sa s mojim \u0161t\u00fdlom, dola\u010fova\u0165 a spr\u00e1vne kombinova\u0165. Nem\u00f4\u017eem o sebe poveda\u0165, \u017ee sa striktne dr\u017e\u00edm jedin\u00e9ho \u0161t\u00fdlu, pravda je sk\u00f4r tak\u00e1, \u017ee m\u00f4j \u0161t\u00fdl sa pohybuje od tmav\u00fdch temn\u00fdch farieb a\u017e po diev\u010densk\u00e9 hor\u00face ru\u017eov\u00e9. A pr\u00e1ve to je to, \u010do je na \u0161t\u00fdle to vynikaj\u00face. Nie s\u00fa v \u0148om \u017eiadne pravidl\u00e1. Ch\u00e1pem ho sk\u00f4r ako umenie, preto\u017ee n\u00edm v\u017edy dok\u00e1\u017eem vyjadri\u0165 presne to, \u010do chcem, navy\u0161e ma vedia v\u017edy nesmierne pote\u0161i\u0165 hrejiv\u00e9 slov\u00e1 od mojich priate\u013eov, \u017ee m\u00e1m pekn\u00fa bl\u00fazku, alebo som pekne zladila top\u00e1nky s kabelkou. Nie v\u0161etk\u00fdch \u013eud\u00ed m\u00f3da oslov\u00ed, ale aj ke\u010f sa tak nestane, \u017ei\u0165 s \u0148ou jednoducho mus\u00edme, nem\u00f4\u017eme predsa chodi\u0165 nah\u00fd. A preto by sme mali o nej aspo\u0148 nie\u010do vedie\u0165. Ak u\u017e v\u00e1s m\u00f3da nezauj\u00edma, sk\u00faste sa zamera\u0165 aspo\u0148 na to, aby veci \u010do si oble\u010diete spolu nejak\u00fdm sp\u00f4sobom ladili a ak si neviete rady, na internete sa do\u010d\u00edtate mno\u017estvo u\u017eito\u010dn\u00fdch r\u00e1d a trikov, ako nasadi\u0165 do svojho \u0161atn\u00edka v\u00fdberov\u00e9 k\u00fasky a ako s nimi n\u00e1sledne zaobch\u00e1dza\u0165.                                                                                                                                                                                                                                                                                                                                                                                        3.6\/5 - (9 votes)        "},{"@context":"https:\/\/schema.org\/","@type":"BreadcrumbList","itemListElement":[{"@type":"ListItem","position":1,"name":"Pre\u010do je \u0161t\u00fdl tak\u00fd d\u00f4le\u017eit\u00fd?","item":"https:\/\/www.jaik.sk\/preco-je-styl-taky-dolezity\/#breadcrumbitem"}]}]